{"id":17095,"date":"2026-04-27T15:44:06","date_gmt":"2026-04-27T13:44:06","guid":{"rendered":"https:\/\/fids.ch\/discriminazione-razziale-in-svizzera-cosa-rivelano-i-casi-di-consulenza-del-2025\/"},"modified":"2026-04-27T16:46:24","modified_gmt":"2026-04-27T14:46:24","slug":"discriminazione-razziale-in-svizzera-cosa-rivelano-i-casi-di-consulenza-del-2025","status":"publish","type":"post","link":"https:\/\/fids.ch\/it\/discriminazione-razziale-in-svizzera-cosa-rivelano-i-casi-di-consulenza-del-2025\/","title":{"rendered":"Discriminazione razziale in Svizzera: cosa rivelano i casi di consulenza del 2025"},"content":{"rendered":"\n<p><\/p>\n\n\n\n<p>Il rapporto attuale della Rete di consulenza per le vittime del razzismo si basa sull\u2019analisi dei casi registrati nel sistema di documentazione DoSyRa e offre uno sguardo sulle situazioni in cui le persone hanno effettivamente cercato sostegno.<\/p>\n\n\n\n<p>Dal 2025 anche la FOIS fa parte di questa rete.<br>Abbiamo contribuito alla base dati con i nostri casi \u2013 situazioni che incontriamo nella quotidianit\u00e0, negli scambi, nelle consulenze, in quei momenti in cui le persone non sanno pi\u00f9 come procedere. <\/p>\n\n\n\n<p>Proprio per questo, per noi il rapporto rappresenta pi\u00f9 di una semplice analisi esterna.<br>Rende visibile ci\u00f2 che osserviamo nella pratica e colloca esperienze individuali in un contesto pi\u00f9 ampio, a livello nazionale. <\/p>\n\n\n\n<p><\/p>\n\n\n\n<div class=\"wp-block-columns is-layout-flex wp-container-core-columns-is-layout-9d6595d7 wp-block-columns-is-layout-flex\">\n<div class=\"wp-block-column is-layout-flow wp-block-column-is-layout-flow\" style=\"flex-basis:100%\">\n<div class=\"wp-block-group is-layout-constrained wp-block-group-is-layout-constrained\">\n<div class=\"wp-block-columns has-black-color has-text-color has-link-color wp-elements-6aa9c1f125cb726f82536a9546bb332c is-layout-flex wp-container-core-columns-is-layout-9d6595d7 wp-block-columns-is-layout-flex\">\n<div class=\"wp-block-column is-vertically-aligned-center has-black-color has-pale-cyan-blue-background-color has-text-color has-background has-link-color wp-elements-0ac2d9464c52c8e28d0c595b1c2bd9b5 is-content-justification-left is-layout-constrained wp-container-core-column-is-layout-8c890d92 wp-block-column-is-layout-constrained\" style=\"flex-basis:66.66%\">\n<p><\/p>\n\n\n\n<p><\/p>\n\n\n\n<figure class=\"wp-block-image alignleft size-full is-resized\"><img loading=\"lazy\" decoding=\"async\" width=\"418\" height=\"472\" src=\"https:\/\/fids.ch\/wp-content\/uploads\/2026\/04\/Bild-1-IT.png\" alt=\"\" class=\"wp-image-17097\" style=\"width:291px;height:auto\" srcset=\"https:\/\/fids.ch\/wp-content\/uploads\/2026\/04\/Bild-1-IT.png 418w, https:\/\/fids.ch\/wp-content\/uploads\/2026\/04\/Bild-1-IT-266x300.png 266w\" sizes=\"auto, (max-width: 418px) 100vw, 418px\" \/><\/figure>\n\n\n\n<h5 class=\"wp-block-heading alignwide has-black-color has-text-color has-link-color wp-elements-7c3daff316639a798b7c5f2bf97c38b8\">Uno dei risultati centrali del rapporto riguarda il razzismo antimusulmano.<br>Con 281 casi documentati, esso figura tra le forme di discriminazione pi\u00f9 frequenti ed \u00e8 al contempo la categoria che ha registrato l\u2019aumento pi\u00f9 marcato. <\/h5>\n<\/div>\n<\/div>\n<\/div>\n<\/div>\n<\/div>\n\n\n\n<p><\/p>\n\n\n\n<p>Per noi non si tratta di un dato astratto.<br>Corrisponde a quanto ci viene segnalato \u2013 e a ci\u00f2 che molte persone vivono nella loro quotidianit\u00e0.<br>Spesso non si tratta di una sola forma di discriminazione.<br>Il razzismo antimusulmano si intreccia con la xenofobia o con stereotipi rivolti a persone percepite come provenienti da Paesi arabi. I confini sono sfumati \u2013 gli effetti, invece, sono molto concreti.    <\/p>\n\n\n\n<p>Ci\u00f2 che il rapporto mette particolarmente in evidenza \u00e8 che questi episodi non avvengono ai margini della societ\u00e0. <\/p>\n\n\n\n<p class=\"is-style-default\"><strong>Avvengono nel pieno della vita quotidiana.<\/strong><\/p>\n\n\n\n<p>A scuola, dove bambini e giovani trascorrono una parte importante della loro vita.<br>Sul posto di lavoro, dove si giocano stabilit\u00e0 e prospettive.<br>Nel vicinato, nello spazio pubblico o nei contatti con le autorit\u00e0 e la polizia.  <\/p>\n\n\n\n<div class=\"wp-block-columns has-black-color has-text-color has-link-color wp-elements-1de581dafe784c151b8d8d390e9e3d37 is-layout-flex wp-container-core-columns-is-layout-9d6595d7 wp-block-columns-is-layout-flex\">\n<div class=\"wp-block-column has-black-color has-pale-cyan-blue-background-color has-text-color has-background has-link-color wp-elements-e0c9bf8b4b6322cad71803c03915117d is-content-justification-center is-layout-constrained wp-block-column-is-layout-constrained\" style=\"flex-basis:88%\">\n<p><\/p>\n\n\n\n<p><\/p>\n\n\n\n<figure class=\"wp-block-image alignleft size-full is-resized\"><img loading=\"lazy\" decoding=\"async\" width=\"512\" height=\"321\" src=\"https:\/\/fids.ch\/wp-content\/uploads\/2026\/04\/Bild-2-IT.png\" alt=\"\" class=\"wp-image-17100\" style=\"width:448px;height:auto\" srcset=\"https:\/\/fids.ch\/wp-content\/uploads\/2026\/04\/Bild-2-IT.png 512w, https:\/\/fids.ch\/wp-content\/uploads\/2026\/04\/Bild-2-IT-300x188.png 300w\" sizes=\"auto, (max-width: 512px) 100vw, 512px\" \/><\/figure>\n\n\n\n<h5 class=\"wp-block-heading alignwide has-black-color has-text-color has-link-color wp-elements-87536f271fc0cb9f136ac48cf1b244e3\">Solo nel settore della formazione sono stati registrati 269 casi, e 210 sul posto di lavoro. Anche nello spazio pubblico, nei quartieri e nei rapporti con le istituzioni statali si osserva un numero significativo di segnalazioni.<br><br> <\/h5>\n\n\n\n<h5 class=\"wp-block-heading\">Sono proprio questi gli ambiti che dovrebbero garantire sicurezza e partecipazione.<\/h5>\n<\/div>\n<\/div>\n\n\n\n<p><\/p>\n\n\n\n<p>Eppure, il rapporto mostra anche i propri limiti:<br>descrive soltanto ci\u00f2 che diventa visibile.<br><br>Se ha vissuto esperienze di razzismo antimusulmano o se ha dubbi su come interpretare una situazione, pu\u00f2 rivolgersi a noi in qualsiasi momento.<br>La FOIS offre un punto di contatto confidenziale per lo scambio e il sostegno.  <\/p>\n\n\n\n<div class=\"wp-block-buttons is-layout-flex wp-block-buttons-is-layout-flex\">\n<div class=\"wp-block-button\"><a class=\"wp-block-button__link has-white-color has-primary-background-color has-text-color has-background has-link-color wp-element-button\" href=\"https:\/\/fids.ch\/it\/punto-di-contatto-piattaforma-di-reporting\/\" target=\"_blank\" rel=\"noreferrer noopener\"><strong>Punto di contatto<\/strong><\/a><\/div>\n<\/div>\n\n\n\n<p><\/p>\n\n\n\n<p><\/p>\n\n\n\n<p><\/p>\n\n\n\n<p>Il rapporto completo \u00e8 disponibile qui: <\/p>\n\n\n\n<div class=\"wp-block-buttons is-layout-flex wp-block-buttons-is-layout-flex\">\n<div class=\"wp-block-button\"><a class=\"wp-block-button__link has-white-color has-primary-background-color has-text-color has-background has-link-color wp-element-button\" href=\"https:\/\/www.network-racism.ch\/it\/rassismusberichte\/episodi-di-razzismo-trattati-nellattivita-di-consulenza-2025\" target=\"_blank\" rel=\"noreferrer noopener\"><strong>Leggi il raport<\/strong><\/a><\/div>\n<\/div>\n\n\n\n<p><\/p>\n\n\n\n<p><\/p>\n\n\n\n<p>Fonti delle immagini:\u00a0<a href=\"https:\/\/cdn.prod.website-files.com\/65537706849f194c8926ba47\/69ebcbf4b51530f9fd675e1f_260423_humanrights_Rassismusbericht%202025_I.pdf\" target=\"_blank\" rel=\"noreferrer noopener\">Episodi di razzismo trattati nell\u2019attivit\u00e0 di consulenza 2025<\/a><\/p>\n\n\n\n<p><\/p>\n\n\n\n<p><\/p>\n","protected":false},"excerpt":{"rendered":"<p>Il rapporto attuale della Rete di consulenza per le vittime del razzismo si basa sull\u2019analisi dei casi registrati nel sistema di documentazione DoSyRa e offre uno sguardo sulle situazioni in [&hellip;]<\/p>\n","protected":false},"author":5,"featured_media":17104,"comment_status":"closed","ping_status":"closed","sticky":false,"template":"","format":"standard","meta":{"_acf_changed":false,"footnotes":""},"categories":[71,52],"tags":[],"class_list":["post-17095","post","type-post","status-publish","format-standard","has-post-thumbnail","hentry","category-news","category-senza-categoria"],"acf":[],"yoast_head":"<!-- This site is optimized with the Yoast SEO plugin v27.4 - https:\/\/yoast.com\/product\/yoast-seo-wordpress\/ -->\n<title>Discriminazione razziale in Svizzera: cosa rivelano i casi di consulenza del 2025 - FIDS<\/title>\n<meta name=\"robots\" content=\"index, follow, max-snippet:-1, max-image-preview:large, max-video-preview:-1\" \/>\n<link rel=\"canonical\" href=\"https:\/\/fids.ch\/it\/discriminazione-razziale-in-svizzera-cosa-rivelano-i-casi-di-consulenza-del-2025\/\" \/>\n<meta property=\"og:locale\" content=\"it_IT\" \/>\n<meta property=\"og:type\" content=\"article\" \/>\n<meta property=\"og:title\" content=\"Discriminazione razziale in Svizzera: cosa rivelano i casi di consulenza del 2025 - FIDS\" \/>\n<meta property=\"og:description\" content=\"Il rapporto attuale della Rete di consulenza per le vittime del razzismo si basa sull\u2019analisi dei casi registrati nel sistema di documentazione DoSyRa e offre uno sguardo sulle situazioni in [&hellip;]\" \/>\n<meta property=\"og:url\" content=\"https:\/\/fids.ch\/it\/discriminazione-razziale-in-svizzera-cosa-rivelano-i-casi-di-consulenza-del-2025\/\" \/>\n<meta property=\"og:site_name\" content=\"FIDS\" \/>\n<meta property=\"article:published_time\" content=\"2026-04-27T13:44:06+00:00\" \/>\n<meta property=\"article:modified_time\" content=\"2026-04-27T14:46:24+00:00\" \/>\n<meta property=\"og:image\" content=\"https:\/\/fids.ch\/wp-content\/uploads\/2026\/04\/Header-IT.png\" \/>\n\t<meta property=\"og:image:width\" content=\"805\" \/>\n\t<meta property=\"og:image:height\" content=\"438\" \/>\n\t<meta property=\"og:image:type\" content=\"image\/png\" \/>\n<meta name=\"author\" content=\"webadmin\" \/>\n<meta name=\"twitter:card\" content=\"summary_large_image\" \/>\n<meta name=\"twitter:label1\" content=\"Scritto da\" \/>\n\t<meta name=\"twitter:data1\" content=\"webadmin\" \/>\n\t<meta name=\"twitter:label2\" content=\"Tempo di lettura stimato\" \/>\n\t<meta name=\"twitter:data2\" content=\"3 minuti\" \/>\n<script type=\"application\/ld+json\" class=\"yoast-schema-graph\">{\"@context\":\"https:\\\/\\\/schema.org\",\"@graph\":[{\"@type\":\"Article\",\"@id\":\"https:\\\/\\\/fids.ch\\\/it\\\/discriminazione-razziale-in-svizzera-cosa-rivelano-i-casi-di-consulenza-del-2025\\\/#article\",\"isPartOf\":{\"@id\":\"https:\\\/\\\/fids.ch\\\/it\\\/discriminazione-razziale-in-svizzera-cosa-rivelano-i-casi-di-consulenza-del-2025\\\/\"},\"author\":{\"name\":\"webadmin\",\"@id\":\"https:\\\/\\\/fids.ch\\\/it\\\/#\\\/schema\\\/person\\\/8a04da425dea0e61eb89d0e4c298f32e\"},\"headline\":\"Discriminazione razziale in Svizzera: cosa rivelano i casi di consulenza del 2025\",\"datePublished\":\"2026-04-27T13:44:06+00:00\",\"dateModified\":\"2026-04-27T14:46:24+00:00\",\"mainEntityOfPage\":{\"@id\":\"https:\\\/\\\/fids.ch\\\/it\\\/discriminazione-razziale-in-svizzera-cosa-rivelano-i-casi-di-consulenza-del-2025\\\/\"},\"wordCount\":398,\"image\":{\"@id\":\"https:\\\/\\\/fids.ch\\\/it\\\/discriminazione-razziale-in-svizzera-cosa-rivelano-i-casi-di-consulenza-del-2025\\\/#primaryimage\"},\"thumbnailUrl\":\"https:\\\/\\\/fids.ch\\\/wp-content\\\/uploads\\\/2026\\\/04\\\/Header-IT.png\",\"articleSection\":[\"News\"],\"inLanguage\":\"it-IT\"},{\"@type\":\"WebPage\",\"@id\":\"https:\\\/\\\/fids.ch\\\/it\\\/discriminazione-razziale-in-svizzera-cosa-rivelano-i-casi-di-consulenza-del-2025\\\/\",\"url\":\"https:\\\/\\\/fids.ch\\\/it\\\/discriminazione-razziale-in-svizzera-cosa-rivelano-i-casi-di-consulenza-del-2025\\\/\",\"name\":\"Discriminazione razziale in Svizzera: cosa rivelano i casi di consulenza del 2025 - FIDS\",\"isPartOf\":{\"@id\":\"https:\\\/\\\/fids.ch\\\/it\\\/#website\"},\"primaryImageOfPage\":{\"@id\":\"https:\\\/\\\/fids.ch\\\/it\\\/discriminazione-razziale-in-svizzera-cosa-rivelano-i-casi-di-consulenza-del-2025\\\/#primaryimage\"},\"image\":{\"@id\":\"https:\\\/\\\/fids.ch\\\/it\\\/discriminazione-razziale-in-svizzera-cosa-rivelano-i-casi-di-consulenza-del-2025\\\/#primaryimage\"},\"thumbnailUrl\":\"https:\\\/\\\/fids.ch\\\/wp-content\\\/uploads\\\/2026\\\/04\\\/Header-IT.png\",\"datePublished\":\"2026-04-27T13:44:06+00:00\",\"dateModified\":\"2026-04-27T14:46:24+00:00\",\"author\":{\"@id\":\"https:\\\/\\\/fids.ch\\\/it\\\/#\\\/schema\\\/person\\\/8a04da425dea0e61eb89d0e4c298f32e\"},\"breadcrumb\":{\"@id\":\"https:\\\/\\\/fids.ch\\\/it\\\/discriminazione-razziale-in-svizzera-cosa-rivelano-i-casi-di-consulenza-del-2025\\\/#breadcrumb\"},\"inLanguage\":\"it-IT\",\"potentialAction\":[{\"@type\":\"ReadAction\",\"target\":[\"https:\\\/\\\/fids.ch\\\/it\\\/discriminazione-razziale-in-svizzera-cosa-rivelano-i-casi-di-consulenza-del-2025\\\/\"]}]},{\"@type\":\"ImageObject\",\"inLanguage\":\"it-IT\",\"@id\":\"https:\\\/\\\/fids.ch\\\/it\\\/discriminazione-razziale-in-svizzera-cosa-rivelano-i-casi-di-consulenza-del-2025\\\/#primaryimage\",\"url\":\"https:\\\/\\\/fids.ch\\\/wp-content\\\/uploads\\\/2026\\\/04\\\/Header-IT.png\",\"contentUrl\":\"https:\\\/\\\/fids.ch\\\/wp-content\\\/uploads\\\/2026\\\/04\\\/Header-IT.png\",\"width\":805,\"height\":438},{\"@type\":\"BreadcrumbList\",\"@id\":\"https:\\\/\\\/fids.ch\\\/it\\\/discriminazione-razziale-in-svizzera-cosa-rivelano-i-casi-di-consulenza-del-2025\\\/#breadcrumb\",\"itemListElement\":[{\"@type\":\"ListItem\",\"position\":1,\"name\":\"Startseite\",\"item\":\"https:\\\/\\\/fids.ch\\\/it\\\/home\\\/\"},{\"@type\":\"ListItem\",\"position\":2,\"name\":\"Discriminazione razziale in Svizzera: cosa rivelano i casi di consulenza del 2025\"}]},{\"@type\":\"WebSite\",\"@id\":\"https:\\\/\\\/fids.ch\\\/it\\\/#website\",\"url\":\"https:\\\/\\\/fids.ch\\\/it\\\/\",\"name\":\"FIDS\",\"description\":\"F\u00f6deration Islamischer Dachorganisationen Schweiz\",\"potentialAction\":[{\"@type\":\"SearchAction\",\"target\":{\"@type\":\"EntryPoint\",\"urlTemplate\":\"https:\\\/\\\/fids.ch\\\/it\\\/?s={search_term_string}\"},\"query-input\":{\"@type\":\"PropertyValueSpecification\",\"valueRequired\":true,\"valueName\":\"search_term_string\"}}],\"inLanguage\":\"it-IT\"},{\"@type\":\"Person\",\"@id\":\"https:\\\/\\\/fids.ch\\\/it\\\/#\\\/schema\\\/person\\\/8a04da425dea0e61eb89d0e4c298f32e\",\"name\":\"webadmin\"}]}<\/script>\n<!-- \/ Yoast SEO plugin. -->","yoast_head_json":{"title":"Discriminazione razziale in Svizzera: cosa rivelano i casi di consulenza del 2025 - FIDS","robots":{"index":"index","follow":"follow","max-snippet":"max-snippet:-1","max-image-preview":"max-image-preview:large","max-video-preview":"max-video-preview:-1"},"canonical":"https:\/\/fids.ch\/it\/discriminazione-razziale-in-svizzera-cosa-rivelano-i-casi-di-consulenza-del-2025\/","og_locale":"it_IT","og_type":"article","og_title":"Discriminazione razziale in Svizzera: cosa rivelano i casi di consulenza del 2025 - FIDS","og_description":"Il rapporto attuale della Rete di consulenza per le vittime del razzismo si basa sull\u2019analisi dei casi registrati nel sistema di documentazione DoSyRa e offre uno sguardo sulle situazioni in [&hellip;]","og_url":"https:\/\/fids.ch\/it\/discriminazione-razziale-in-svizzera-cosa-rivelano-i-casi-di-consulenza-del-2025\/","og_site_name":"FIDS","article_published_time":"2026-04-27T13:44:06+00:00","article_modified_time":"2026-04-27T14:46:24+00:00","og_image":[{"width":805,"height":438,"url":"https:\/\/fids.ch\/wp-content\/uploads\/2026\/04\/Header-IT.png","type":"image\/png"}],"author":"webadmin","twitter_card":"summary_large_image","twitter_misc":{"Scritto da":"webadmin","Tempo di lettura stimato":"3 minuti"},"schema":{"@context":"https:\/\/schema.org","@graph":[{"@type":"Article","@id":"https:\/\/fids.ch\/it\/discriminazione-razziale-in-svizzera-cosa-rivelano-i-casi-di-consulenza-del-2025\/#article","isPartOf":{"@id":"https:\/\/fids.ch\/it\/discriminazione-razziale-in-svizzera-cosa-rivelano-i-casi-di-consulenza-del-2025\/"},"author":{"name":"webadmin","@id":"https:\/\/fids.ch\/it\/#\/schema\/person\/8a04da425dea0e61eb89d0e4c298f32e"},"headline":"Discriminazione razziale in Svizzera: cosa rivelano i casi di consulenza del 2025","datePublished":"2026-04-27T13:44:06+00:00","dateModified":"2026-04-27T14:46:24+00:00","mainEntityOfPage":{"@id":"https:\/\/fids.ch\/it\/discriminazione-razziale-in-svizzera-cosa-rivelano-i-casi-di-consulenza-del-2025\/"},"wordCount":398,"image":{"@id":"https:\/\/fids.ch\/it\/discriminazione-razziale-in-svizzera-cosa-rivelano-i-casi-di-consulenza-del-2025\/#primaryimage"},"thumbnailUrl":"https:\/\/fids.ch\/wp-content\/uploads\/2026\/04\/Header-IT.png","articleSection":["News"],"inLanguage":"it-IT"},{"@type":"WebPage","@id":"https:\/\/fids.ch\/it\/discriminazione-razziale-in-svizzera-cosa-rivelano-i-casi-di-consulenza-del-2025\/","url":"https:\/\/fids.ch\/it\/discriminazione-razziale-in-svizzera-cosa-rivelano-i-casi-di-consulenza-del-2025\/","name":"Discriminazione razziale in Svizzera: cosa rivelano i casi di consulenza del 2025 - FIDS","isPartOf":{"@id":"https:\/\/fids.ch\/it\/#website"},"primaryImageOfPage":{"@id":"https:\/\/fids.ch\/it\/discriminazione-razziale-in-svizzera-cosa-rivelano-i-casi-di-consulenza-del-2025\/#primaryimage"},"image":{"@id":"https:\/\/fids.ch\/it\/discriminazione-razziale-in-svizzera-cosa-rivelano-i-casi-di-consulenza-del-2025\/#primaryimage"},"thumbnailUrl":"https:\/\/fids.ch\/wp-content\/uploads\/2026\/04\/Header-IT.png","datePublished":"2026-04-27T13:44:06+00:00","dateModified":"2026-04-27T14:46:24+00:00","author":{"@id":"https:\/\/fids.ch\/it\/#\/schema\/person\/8a04da425dea0e61eb89d0e4c298f32e"},"breadcrumb":{"@id":"https:\/\/fids.ch\/it\/discriminazione-razziale-in-svizzera-cosa-rivelano-i-casi-di-consulenza-del-2025\/#breadcrumb"},"inLanguage":"it-IT","potentialAction":[{"@type":"ReadAction","target":["https:\/\/fids.ch\/it\/discriminazione-razziale-in-svizzera-cosa-rivelano-i-casi-di-consulenza-del-2025\/"]}]},{"@type":"ImageObject","inLanguage":"it-IT","@id":"https:\/\/fids.ch\/it\/discriminazione-razziale-in-svizzera-cosa-rivelano-i-casi-di-consulenza-del-2025\/#primaryimage","url":"https:\/\/fids.ch\/wp-content\/uploads\/2026\/04\/Header-IT.png","contentUrl":"https:\/\/fids.ch\/wp-content\/uploads\/2026\/04\/Header-IT.png","width":805,"height":438},{"@type":"BreadcrumbList","@id":"https:\/\/fids.ch\/it\/discriminazione-razziale-in-svizzera-cosa-rivelano-i-casi-di-consulenza-del-2025\/#breadcrumb","itemListElement":[{"@type":"ListItem","position":1,"name":"Startseite","item":"https:\/\/fids.ch\/it\/home\/"},{"@type":"ListItem","position":2,"name":"Discriminazione razziale in Svizzera: cosa rivelano i casi di consulenza del 2025"}]},{"@type":"WebSite","@id":"https:\/\/fids.ch\/it\/#website","url":"https:\/\/fids.ch\/it\/","name":"FIDS","description":"F\u00f6deration Islamischer Dachorganisationen Schweiz","potentialAction":[{"@type":"SearchAction","target":{"@type":"EntryPoint","urlTemplate":"https:\/\/fids.ch\/it\/?s={search_term_string}"},"query-input":{"@type":"PropertyValueSpecification","valueRequired":true,"valueName":"search_term_string"}}],"inLanguage":"it-IT"},{"@type":"Person","@id":"https:\/\/fids.ch\/it\/#\/schema\/person\/8a04da425dea0e61eb89d0e4c298f32e","name":"webadmin"}]}},"_links":{"self":[{"href":"https:\/\/fids.ch\/it\/wp-json\/wp\/v2\/posts\/17095","targetHints":{"allow":["GET"]}}],"collection":[{"href":"https:\/\/fids.ch\/it\/wp-json\/wp\/v2\/posts"}],"about":[{"href":"https:\/\/fids.ch\/it\/wp-json\/wp\/v2\/types\/post"}],"author":[{"embeddable":true,"href":"https:\/\/fids.ch\/it\/wp-json\/wp\/v2\/users\/5"}],"replies":[{"embeddable":true,"href":"https:\/\/fids.ch\/it\/wp-json\/wp\/v2\/comments?post=17095"}],"version-history":[{"count":5,"href":"https:\/\/fids.ch\/it\/wp-json\/wp\/v2\/posts\/17095\/revisions"}],"predecessor-version":[{"id":17111,"href":"https:\/\/fids.ch\/it\/wp-json\/wp\/v2\/posts\/17095\/revisions\/17111"}],"wp:featuredmedia":[{"embeddable":true,"href":"https:\/\/fids.ch\/it\/wp-json\/wp\/v2\/media\/17104"}],"wp:attachment":[{"href":"https:\/\/fids.ch\/it\/wp-json\/wp\/v2\/media?parent=17095"}],"wp:term":[{"taxonomy":"category","embeddable":true,"href":"https:\/\/fids.ch\/it\/wp-json\/wp\/v2\/categories?post=17095"},{"taxonomy":"post_tag","embeddable":true,"href":"https:\/\/fids.ch\/it\/wp-json\/wp\/v2\/tags?post=17095"}],"curies":[{"name":"wp","href":"https:\/\/api.w.org\/{rel}","templated":true}]}}