{"id":17079,"date":"2026-04-27T15:44:06","date_gmt":"2026-04-27T13:44:06","guid":{"rendered":"https:\/\/fids.ch\/discrimination-raciale-en-suisse-ce-que-revelent-les-cas-de-conseil-en-2025\/"},"modified":"2026-04-27T16:48:58","modified_gmt":"2026-04-27T14:48:58","slug":"discrimination-raciale-en-suisse-ce-que-revelent-les-cas-de-conseil-en-2025","status":"publish","type":"post","link":"https:\/\/fids.ch\/fr\/discrimination-raciale-en-suisse-ce-que-revelent-les-cas-de-conseil-en-2025\/","title":{"rendered":"Discrimination raciale en Suisse : ce que r\u00e9v\u00e8lent les cas de conseil en 2025"},"content":{"rendered":"\n<p><\/p>\n\n\n\n<p>Le rapport actuel du R\u00e9seau de centres de conseil pour les victimes du racisme se fonde sur l\u2019analyse de cas issus du syst\u00e8me de documentation DoSyRa et offre un aper\u00e7u des situations dans lesquelles des personnes ont effectivement cherch\u00e9 du soutien.<\/p>\n\n\n\n<p>Depuis 2025, la FOIS fait \u00e9galement partie de ce r\u00e9seau.<br>Nous avons contribu\u00e9 \u00e0 la base de donn\u00e9es avec nos propres cas \u2013 des situations que nous rencontrons au quotidien, dans les \u00e9changes, dans les accompagnements, dans ces moments o\u00f9 les personnes concern\u00e9es ne savent plus vers qui se tourner. <\/p>\n\n\n\n<p>C\u2019est pr\u00e9cis\u00e9ment pour cette raison que ce rapport repr\u00e9sente, pour nous, bien plus qu\u2019une analyse externe.<br>Il rend visible ce que nous observons dans la pratique et permet de situer des exp\u00e9riences individuelles dans un contexte plus large, \u00e0 l\u2019\u00e9chelle de la Suisse. <\/p>\n\n\n\n<p><\/p>\n\n\n\n<div class=\"wp-block-columns is-layout-flex wp-container-core-columns-is-layout-9d6595d7 wp-block-columns-is-layout-flex\">\n<div class=\"wp-block-column is-layout-flow wp-block-column-is-layout-flow\" style=\"flex-basis:100%\">\n<div class=\"wp-block-group is-layout-constrained wp-block-group-is-layout-constrained\">\n<div class=\"wp-block-columns has-black-color has-text-color has-link-color wp-elements-faa512acf234ef4319bf4e267aafdde1 is-layout-flex wp-container-core-columns-is-layout-9d6595d7 wp-block-columns-is-layout-flex\">\n<div class=\"wp-block-column is-vertically-aligned-center has-black-color has-pale-cyan-blue-background-color has-text-color has-background has-link-color wp-elements-55c9ee17259e9899f955869aa248a7bc is-content-justification-left is-layout-constrained wp-container-core-column-is-layout-8c890d92 wp-block-column-is-layout-constrained\" style=\"flex-basis:66.66%\">\n<p><\/p>\n\n\n\n<p><\/p>\n\n\n\n<figure class=\"wp-block-image alignleft size-full is-resized\"><img loading=\"lazy\" decoding=\"async\" width=\"417\" height=\"471\" src=\"https:\/\/fids.ch\/wp-content\/uploads\/2026\/04\/Bild-1-FR.png\" alt=\"\" class=\"wp-image-17087\" style=\"width:291px;height:auto\" srcset=\"https:\/\/fids.ch\/wp-content\/uploads\/2026\/04\/Bild-1-FR.png 417w, https:\/\/fids.ch\/wp-content\/uploads\/2026\/04\/Bild-1-FR-266x300.png 266w\" sizes=\"auto, (max-width: 417px) 100vw, 417px\" \/><\/figure>\n\n\n\n<h5 class=\"wp-block-heading alignwide has-black-color has-text-color has-link-color wp-elements-3aa66985bd0d373b2d4c1fd6e6936d11\">Un des r\u00e9sultats centraux du rapport concerne le racisme antimusulman.<br>Avec 281 cas document\u00e9s, il figure parmi les formes de discrimination les plus fr\u00e9quentes et constitue en m\u00eame temps la cat\u00e9gorie ayant enregistr\u00e9 la plus forte augmentation. <\/h5>\n<\/div>\n<\/div>\n<\/div>\n<\/div>\n<\/div>\n\n\n\n<p><\/p>\n\n\n\n<p>Pour nous, ce n\u2019est pas un chiffre abstrait. Il correspond \u00e0 ce qui nous est signal\u00e9 ainsi qu\u2019\u00e0 ce que de nombreuses personnes vivent au quotidien. Souvent, il ne s\u2019agit pas d\u2019une seule forme d\u2019attribution. Le racisme antimusulman se m\u00eale \u00e0 la x\u00e9nophobie ou \u00e0 des st\u00e9r\u00e9otypes visant des personnes originaires du monde arabe. Les fronti\u00e8res sont floues \u2013 et les effets d\u2019autant plus perceptibles.    <\/p>\n\n\n\n<p>Ce que le rapport met particuli\u00e8rement en \u00e9vidence, c\u2019est que ces situations ne se produisent pas en marge de la soci\u00e9t\u00e9. <\/p>\n\n\n\n<p class=\"is-style-default\"><strong>Elles se produisent au c\u0153ur du quotidien.<\/strong><\/p>\n\n\n\n<p>\u00c0 l\u2019\u00e9cole, o\u00f9 les enfants et les jeunes passent une grande partie de leur vie.<br>Sur le lieu de travail, o\u00f9 se jouent la stabilit\u00e9 et les perspectives.<br>Dans le voisinage, dans l\u2019espace public ou encore dans les interactions avec les autorit\u00e9s et la police.  <\/p>\n\n\n\n<div class=\"wp-block-columns has-black-color has-text-color has-link-color wp-elements-a04b46ebb35dc8a0776ac14211f52104 is-layout-flex wp-container-core-columns-is-layout-9d6595d7 wp-block-columns-is-layout-flex\">\n<div class=\"wp-block-column has-black-color has-pale-cyan-blue-background-color has-text-color has-background has-link-color wp-elements-0525b41e8dfc78e2c7690055adffea2e is-content-justification-center is-layout-constrained wp-block-column-is-layout-constrained\" style=\"flex-basis:88%\">\n<p><\/p>\n\n\n\n<p><\/p>\n\n\n\n<figure class=\"wp-block-image alignleft size-full is-resized\"><img loading=\"lazy\" decoding=\"async\" width=\"1080\" height=\"1080\" src=\"https:\/\/fids.ch\/wp-content\/uploads\/2026\/04\/Bild-2-FR.png\" alt=\"\" class=\"wp-image-17090\" style=\"width:448px;height:auto\" srcset=\"https:\/\/fids.ch\/wp-content\/uploads\/2026\/04\/Bild-2-FR.png 1080w, https:\/\/fids.ch\/wp-content\/uploads\/2026\/04\/Bild-2-FR-300x300.png 300w, https:\/\/fids.ch\/wp-content\/uploads\/2026\/04\/Bild-2-FR-1024x1024.png 1024w, https:\/\/fids.ch\/wp-content\/uploads\/2026\/04\/Bild-2-FR-150x150.png 150w, https:\/\/fids.ch\/wp-content\/uploads\/2026\/04\/Bild-2-FR-768x768.png 768w\" sizes=\"auto, (max-width: 1080px) 100vw, 1080px\" \/><\/figure>\n\n\n\n<h5 class=\"wp-block-heading alignwide has-black-color has-text-color has-link-color wp-elements-1f1309820c272117aad05086e69e56ec\"><strong>Rien que dans le domaine de l\u2019\u00e9ducation, 269 cas ont \u00e9t\u00e9 recens\u00e9s, et 210 sur le lieu de travail. Les signalements sont \u00e9galement nombreux dans l\u2019espace public, dans les quartiers ainsi que dans les contacts avec les institutions \u00e9tatiques.<\/strong> <\/h5>\n\n\n\n<h5 class=\"wp-block-heading\">Ce sont pr\u00e9cis\u00e9ment ces espaces qui devraient garantir la s\u00e9curit\u00e9 et la participation.<\/h5>\n<\/div>\n<\/div>\n\n\n\n<p><\/p>\n\n\n\n<p>Et pourtant, le rapport montre aussi ses propres limites : il ne rend compte que de ce qui devient visible. Si vous avez vous-m\u00eame \u00e9t\u00e9 confront\u00e9\u00b7e \u00e0 des situations de racisme antimusulman ou si vous vous interrogez sur la mani\u00e8re d\u2019interpr\u00e9ter une exp\u00e9rience, vous pouvez vous adresser \u00e0 nous en tout temps.<br>La FOIS propose un point de contact confidentiel pour l\u2019\u00e9change et le soutien.<\/p>\n\n\n\n<div class=\"wp-block-buttons is-layout-flex wp-block-buttons-is-layout-flex\">\n<div class=\"wp-block-button\"><a class=\"wp-block-button__link has-white-color has-primary-background-color has-text-color has-background has-link-color wp-element-button\" href=\"https:\/\/fids.ch\/fr\/point-de-contact\/\" target=\"_blank\" rel=\"noreferrer noopener\"><strong>Point de contact<\/strong><\/a><\/div>\n<\/div>\n\n\n\n<p><\/p>\n\n\n\n<p><\/p>\n\n\n\n<p><\/p>\n\n\n\n<p>Le rapport complet peut \u00eatre consult\u00e9 ici : <\/p>\n\n\n\n<div class=\"wp-block-buttons is-layout-flex wp-block-buttons-is-layout-flex\">\n<div class=\"wp-block-button\"><a class=\"wp-block-button__link has-white-color has-primary-background-color has-text-color has-background has-link-color wp-element-button\" href=\"https:\/\/www.network-racism.ch\/fr\/rassismusberichte\/incidents-racistes-recenses-par-les-centres-de-conseil-2025\" target=\"_blank\" rel=\"noreferrer noopener\"><strong>Lire le rapport<\/strong><\/a><\/div>\n<\/div>\n\n\n\n<p><\/p>\n\n\n\n<p><\/p>\n\n\n\n<p>Sources des images: <a href=\"https:\/\/cdn.prod.website-files.com\/65537706849f194c8926ba47\/69ebcb62cd3e47a8f92a3e23_260423_humanrights_Rassismusbericht%202025_F.pdf\" type=\"link\" id=\"https:\/\/cdn.prod.website-files.com\/65537706849f194c8926ba47\/69ebcb62cd3e47a8f92a3e23_260423_humanrights_Rassismusbericht%202025_F.pdf\" target=\"_blank\" rel=\"noreferrer noopener\">Incidents racistes recens\u00e9s par les centres de conseil 2025<\/a><\/p>\n\n\n\n<p><\/p>\n\n\n\n<p><\/p>\n","protected":false},"excerpt":{"rendered":"<p>Le rapport actuel du R\u00e9seau de centres de conseil pour les victimes du racisme se fonde sur l\u2019analyse de cas issus du syst\u00e8me de documentation DoSyRa et offre un aper\u00e7u [&hellip;]<\/p>\n","protected":false},"author":5,"featured_media":17083,"comment_status":"closed","ping_status":"closed","sticky":false,"template":"","format":"standard","meta":{"_acf_changed":false,"footnotes":""},"categories":[20],"tags":[],"class_list":["post-17079","post","type-post","status-publish","format-standard","has-post-thumbnail","hentry","category-news"],"acf":[],"yoast_head":"<!-- This site is optimized with the Yoast SEO plugin v27.4 - https:\/\/yoast.com\/product\/yoast-seo-wordpress\/ -->\n<title>Discrimination raciale en Suisse : ce que r\u00e9v\u00e8lent les cas de conseil en 2025 - FIDS<\/title>\n<meta name=\"robots\" content=\"index, follow, max-snippet:-1, max-image-preview:large, max-video-preview:-1\" \/>\n<link rel=\"canonical\" href=\"https:\/\/fids.ch\/fr\/discrimination-raciale-en-suisse-ce-que-revelent-les-cas-de-conseil-en-2025\/\" \/>\n<meta property=\"og:locale\" content=\"fr_FR\" \/>\n<meta property=\"og:type\" content=\"article\" \/>\n<meta property=\"og:title\" content=\"Discrimination raciale en Suisse : ce que r\u00e9v\u00e8lent les cas de conseil en 2025 - FIDS\" \/>\n<meta property=\"og:description\" content=\"Le rapport actuel du R\u00e9seau de centres de conseil pour les victimes du racisme se fonde sur l\u2019analyse de cas issus du syst\u00e8me de documentation DoSyRa et offre un aper\u00e7u [&hellip;]\" \/>\n<meta property=\"og:url\" content=\"https:\/\/fids.ch\/fr\/discrimination-raciale-en-suisse-ce-que-revelent-les-cas-de-conseil-en-2025\/\" \/>\n<meta property=\"og:site_name\" content=\"FIDS\" \/>\n<meta property=\"article:published_time\" content=\"2026-04-27T13:44:06+00:00\" \/>\n<meta property=\"article:modified_time\" content=\"2026-04-27T14:48:58+00:00\" \/>\n<meta property=\"og:image\" content=\"https:\/\/fids.ch\/wp-content\/uploads\/2026\/04\/Rass.-FR.png\" \/>\n\t<meta property=\"og:image:width\" content=\"897\" \/>\n\t<meta property=\"og:image:height\" content=\"471\" \/>\n\t<meta property=\"og:image:type\" content=\"image\/png\" \/>\n<meta name=\"author\" content=\"webadmin\" \/>\n<meta name=\"twitter:card\" content=\"summary_large_image\" \/>\n<meta name=\"twitter:label1\" content=\"\u00c9crit par\" \/>\n\t<meta name=\"twitter:data1\" content=\"webadmin\" \/>\n\t<meta name=\"twitter:label2\" content=\"Dur\u00e9e de lecture estim\u00e9e\" \/>\n\t<meta name=\"twitter:data2\" content=\"4 minutes\" \/>\n<script type=\"application\/ld+json\" class=\"yoast-schema-graph\">{\"@context\":\"https:\\\/\\\/schema.org\",\"@graph\":[{\"@type\":\"Article\",\"@id\":\"https:\\\/\\\/fids.ch\\\/fr\\\/discrimination-raciale-en-suisse-ce-que-revelent-les-cas-de-conseil-en-2025\\\/#article\",\"isPartOf\":{\"@id\":\"https:\\\/\\\/fids.ch\\\/fr\\\/discrimination-raciale-en-suisse-ce-que-revelent-les-cas-de-conseil-en-2025\\\/\"},\"author\":{\"name\":\"webadmin\",\"@id\":\"https:\\\/\\\/fids.ch\\\/fr\\\/#\\\/schema\\\/person\\\/8a04da425dea0e61eb89d0e4c298f32e\"},\"headline\":\"Discrimination raciale en Suisse : ce que r\u00e9v\u00e8lent les cas de conseil en 2025\",\"datePublished\":\"2026-04-27T13:44:06+00:00\",\"dateModified\":\"2026-04-27T14:48:58+00:00\",\"mainEntityOfPage\":{\"@id\":\"https:\\\/\\\/fids.ch\\\/fr\\\/discrimination-raciale-en-suisse-ce-que-revelent-les-cas-de-conseil-en-2025\\\/\"},\"wordCount\":499,\"image\":{\"@id\":\"https:\\\/\\\/fids.ch\\\/fr\\\/discrimination-raciale-en-suisse-ce-que-revelent-les-cas-de-conseil-en-2025\\\/#primaryimage\"},\"thumbnailUrl\":\"https:\\\/\\\/fids.ch\\\/wp-content\\\/uploads\\\/2026\\\/04\\\/Rass.-FR.png\",\"articleSection\":[\"News\"],\"inLanguage\":\"fr-FR\"},{\"@type\":\"WebPage\",\"@id\":\"https:\\\/\\\/fids.ch\\\/fr\\\/discrimination-raciale-en-suisse-ce-que-revelent-les-cas-de-conseil-en-2025\\\/\",\"url\":\"https:\\\/\\\/fids.ch\\\/fr\\\/discrimination-raciale-en-suisse-ce-que-revelent-les-cas-de-conseil-en-2025\\\/\",\"name\":\"Discrimination raciale en Suisse : ce que r\u00e9v\u00e8lent les cas de conseil en 2025 - FIDS\",\"isPartOf\":{\"@id\":\"https:\\\/\\\/fids.ch\\\/fr\\\/#website\"},\"primaryImageOfPage\":{\"@id\":\"https:\\\/\\\/fids.ch\\\/fr\\\/discrimination-raciale-en-suisse-ce-que-revelent-les-cas-de-conseil-en-2025\\\/#primaryimage\"},\"image\":{\"@id\":\"https:\\\/\\\/fids.ch\\\/fr\\\/discrimination-raciale-en-suisse-ce-que-revelent-les-cas-de-conseil-en-2025\\\/#primaryimage\"},\"thumbnailUrl\":\"https:\\\/\\\/fids.ch\\\/wp-content\\\/uploads\\\/2026\\\/04\\\/Rass.-FR.png\",\"datePublished\":\"2026-04-27T13:44:06+00:00\",\"dateModified\":\"2026-04-27T14:48:58+00:00\",\"author\":{\"@id\":\"https:\\\/\\\/fids.ch\\\/fr\\\/#\\\/schema\\\/person\\\/8a04da425dea0e61eb89d0e4c298f32e\"},\"breadcrumb\":{\"@id\":\"https:\\\/\\\/fids.ch\\\/fr\\\/discrimination-raciale-en-suisse-ce-que-revelent-les-cas-de-conseil-en-2025\\\/#breadcrumb\"},\"inLanguage\":\"fr-FR\",\"potentialAction\":[{\"@type\":\"ReadAction\",\"target\":[\"https:\\\/\\\/fids.ch\\\/fr\\\/discrimination-raciale-en-suisse-ce-que-revelent-les-cas-de-conseil-en-2025\\\/\"]}]},{\"@type\":\"ImageObject\",\"inLanguage\":\"fr-FR\",\"@id\":\"https:\\\/\\\/fids.ch\\\/fr\\\/discrimination-raciale-en-suisse-ce-que-revelent-les-cas-de-conseil-en-2025\\\/#primaryimage\",\"url\":\"https:\\\/\\\/fids.ch\\\/wp-content\\\/uploads\\\/2026\\\/04\\\/Rass.-FR.png\",\"contentUrl\":\"https:\\\/\\\/fids.ch\\\/wp-content\\\/uploads\\\/2026\\\/04\\\/Rass.-FR.png\",\"width\":897,\"height\":471},{\"@type\":\"BreadcrumbList\",\"@id\":\"https:\\\/\\\/fids.ch\\\/fr\\\/discrimination-raciale-en-suisse-ce-que-revelent-les-cas-de-conseil-en-2025\\\/#breadcrumb\",\"itemListElement\":[{\"@type\":\"ListItem\",\"position\":1,\"name\":\"Startseite\",\"item\":\"https:\\\/\\\/fids.ch\\\/fr\\\/\"},{\"@type\":\"ListItem\",\"position\":2,\"name\":\"Discrimination raciale en Suisse : ce que r\u00e9v\u00e8lent les cas de conseil en 2025\"}]},{\"@type\":\"WebSite\",\"@id\":\"https:\\\/\\\/fids.ch\\\/fr\\\/#website\",\"url\":\"https:\\\/\\\/fids.ch\\\/fr\\\/\",\"name\":\"FIDS\",\"description\":\"F\u00f6deration Islamischer Dachorganisationen Schweiz\",\"potentialAction\":[{\"@type\":\"SearchAction\",\"target\":{\"@type\":\"EntryPoint\",\"urlTemplate\":\"https:\\\/\\\/fids.ch\\\/fr\\\/?s={search_term_string}\"},\"query-input\":{\"@type\":\"PropertyValueSpecification\",\"valueRequired\":true,\"valueName\":\"search_term_string\"}}],\"inLanguage\":\"fr-FR\"},{\"@type\":\"Person\",\"@id\":\"https:\\\/\\\/fids.ch\\\/fr\\\/#\\\/schema\\\/person\\\/8a04da425dea0e61eb89d0e4c298f32e\",\"name\":\"webadmin\"}]}<\/script>\n<!-- \/ Yoast SEO plugin. -->","yoast_head_json":{"title":"Discrimination raciale en Suisse : ce que r\u00e9v\u00e8lent les cas de conseil en 2025 - FIDS","robots":{"index":"index","follow":"follow","max-snippet":"max-snippet:-1","max-image-preview":"max-image-preview:large","max-video-preview":"max-video-preview:-1"},"canonical":"https:\/\/fids.ch\/fr\/discrimination-raciale-en-suisse-ce-que-revelent-les-cas-de-conseil-en-2025\/","og_locale":"fr_FR","og_type":"article","og_title":"Discrimination raciale en Suisse : ce que r\u00e9v\u00e8lent les cas de conseil en 2025 - FIDS","og_description":"Le rapport actuel du R\u00e9seau de centres de conseil pour les victimes du racisme se fonde sur l\u2019analyse de cas issus du syst\u00e8me de documentation DoSyRa et offre un aper\u00e7u [&hellip;]","og_url":"https:\/\/fids.ch\/fr\/discrimination-raciale-en-suisse-ce-que-revelent-les-cas-de-conseil-en-2025\/","og_site_name":"FIDS","article_published_time":"2026-04-27T13:44:06+00:00","article_modified_time":"2026-04-27T14:48:58+00:00","og_image":[{"width":897,"height":471,"url":"https:\/\/fids.ch\/wp-content\/uploads\/2026\/04\/Rass.-FR.png","type":"image\/png"}],"author":"webadmin","twitter_card":"summary_large_image","twitter_misc":{"\u00c9crit par":"webadmin","Dur\u00e9e de lecture estim\u00e9e":"4 minutes"},"schema":{"@context":"https:\/\/schema.org","@graph":[{"@type":"Article","@id":"https:\/\/fids.ch\/fr\/discrimination-raciale-en-suisse-ce-que-revelent-les-cas-de-conseil-en-2025\/#article","isPartOf":{"@id":"https:\/\/fids.ch\/fr\/discrimination-raciale-en-suisse-ce-que-revelent-les-cas-de-conseil-en-2025\/"},"author":{"name":"webadmin","@id":"https:\/\/fids.ch\/fr\/#\/schema\/person\/8a04da425dea0e61eb89d0e4c298f32e"},"headline":"Discrimination raciale en Suisse : ce que r\u00e9v\u00e8lent les cas de conseil en 2025","datePublished":"2026-04-27T13:44:06+00:00","dateModified":"2026-04-27T14:48:58+00:00","mainEntityOfPage":{"@id":"https:\/\/fids.ch\/fr\/discrimination-raciale-en-suisse-ce-que-revelent-les-cas-de-conseil-en-2025\/"},"wordCount":499,"image":{"@id":"https:\/\/fids.ch\/fr\/discrimination-raciale-en-suisse-ce-que-revelent-les-cas-de-conseil-en-2025\/#primaryimage"},"thumbnailUrl":"https:\/\/fids.ch\/wp-content\/uploads\/2026\/04\/Rass.-FR.png","articleSection":["News"],"inLanguage":"fr-FR"},{"@type":"WebPage","@id":"https:\/\/fids.ch\/fr\/discrimination-raciale-en-suisse-ce-que-revelent-les-cas-de-conseil-en-2025\/","url":"https:\/\/fids.ch\/fr\/discrimination-raciale-en-suisse-ce-que-revelent-les-cas-de-conseil-en-2025\/","name":"Discrimination raciale en Suisse : ce que r\u00e9v\u00e8lent les cas de conseil en 2025 - FIDS","isPartOf":{"@id":"https:\/\/fids.ch\/fr\/#website"},"primaryImageOfPage":{"@id":"https:\/\/fids.ch\/fr\/discrimination-raciale-en-suisse-ce-que-revelent-les-cas-de-conseil-en-2025\/#primaryimage"},"image":{"@id":"https:\/\/fids.ch\/fr\/discrimination-raciale-en-suisse-ce-que-revelent-les-cas-de-conseil-en-2025\/#primaryimage"},"thumbnailUrl":"https:\/\/fids.ch\/wp-content\/uploads\/2026\/04\/Rass.-FR.png","datePublished":"2026-04-27T13:44:06+00:00","dateModified":"2026-04-27T14:48:58+00:00","author":{"@id":"https:\/\/fids.ch\/fr\/#\/schema\/person\/8a04da425dea0e61eb89d0e4c298f32e"},"breadcrumb":{"@id":"https:\/\/fids.ch\/fr\/discrimination-raciale-en-suisse-ce-que-revelent-les-cas-de-conseil-en-2025\/#breadcrumb"},"inLanguage":"fr-FR","potentialAction":[{"@type":"ReadAction","target":["https:\/\/fids.ch\/fr\/discrimination-raciale-en-suisse-ce-que-revelent-les-cas-de-conseil-en-2025\/"]}]},{"@type":"ImageObject","inLanguage":"fr-FR","@id":"https:\/\/fids.ch\/fr\/discrimination-raciale-en-suisse-ce-que-revelent-les-cas-de-conseil-en-2025\/#primaryimage","url":"https:\/\/fids.ch\/wp-content\/uploads\/2026\/04\/Rass.-FR.png","contentUrl":"https:\/\/fids.ch\/wp-content\/uploads\/2026\/04\/Rass.-FR.png","width":897,"height":471},{"@type":"BreadcrumbList","@id":"https:\/\/fids.ch\/fr\/discrimination-raciale-en-suisse-ce-que-revelent-les-cas-de-conseil-en-2025\/#breadcrumb","itemListElement":[{"@type":"ListItem","position":1,"name":"Startseite","item":"https:\/\/fids.ch\/fr\/"},{"@type":"ListItem","position":2,"name":"Discrimination raciale en Suisse : ce que r\u00e9v\u00e8lent les cas de conseil en 2025"}]},{"@type":"WebSite","@id":"https:\/\/fids.ch\/fr\/#website","url":"https:\/\/fids.ch\/fr\/","name":"FIDS","description":"F\u00f6deration Islamischer Dachorganisationen Schweiz","potentialAction":[{"@type":"SearchAction","target":{"@type":"EntryPoint","urlTemplate":"https:\/\/fids.ch\/fr\/?s={search_term_string}"},"query-input":{"@type":"PropertyValueSpecification","valueRequired":true,"valueName":"search_term_string"}}],"inLanguage":"fr-FR"},{"@type":"Person","@id":"https:\/\/fids.ch\/fr\/#\/schema\/person\/8a04da425dea0e61eb89d0e4c298f32e","name":"webadmin"}]}},"_links":{"self":[{"href":"https:\/\/fids.ch\/fr\/wp-json\/wp\/v2\/posts\/17079","targetHints":{"allow":["GET"]}}],"collection":[{"href":"https:\/\/fids.ch\/fr\/wp-json\/wp\/v2\/posts"}],"about":[{"href":"https:\/\/fids.ch\/fr\/wp-json\/wp\/v2\/types\/post"}],"author":[{"embeddable":true,"href":"https:\/\/fids.ch\/fr\/wp-json\/wp\/v2\/users\/5"}],"replies":[{"embeddable":true,"href":"https:\/\/fids.ch\/fr\/wp-json\/wp\/v2\/comments?post=17079"}],"version-history":[{"count":5,"href":"https:\/\/fids.ch\/fr\/wp-json\/wp\/v2\/posts\/17079\/revisions"}],"predecessor-version":[{"id":17113,"href":"https:\/\/fids.ch\/fr\/wp-json\/wp\/v2\/posts\/17079\/revisions\/17113"}],"wp:featuredmedia":[{"embeddable":true,"href":"https:\/\/fids.ch\/fr\/wp-json\/wp\/v2\/media\/17083"}],"wp:attachment":[{"href":"https:\/\/fids.ch\/fr\/wp-json\/wp\/v2\/media?parent=17079"}],"wp:term":[{"taxonomy":"category","embeddable":true,"href":"https:\/\/fids.ch\/fr\/wp-json\/wp\/v2\/categories?post=17079"},{"taxonomy":"post_tag","embeddable":true,"href":"https:\/\/fids.ch\/fr\/wp-json\/wp\/v2\/tags?post=17079"}],"curies":[{"name":"wp","href":"https:\/\/api.w.org\/{rel}","templated":true}]}}